{"id":163,"__str__":"Anteprojeto de Lei Ordinaria n\u00ba 7 de 2019","link_detail_backend":"/materia/163","metadata":{},"numero":7,"ano":2019,"numero_protocolo":null,"data_apresentacao":"2019-04-10","tipo_apresentacao":"","data_publicacao":null,"numero_origem_externa":"","ano_origem_externa":null,"data_origem_externa":null,"apelido":"","dias_prazo":null,"data_fim_prazo":null,"em_tramitacao":false,"polemica":null,"objeto":"","complementar":null,"ementa":"Estrutura\u00e7\u00e3o do CAS (Centro de Forma\u00e7\u00e3o de Profissionais da Educa\u00e7\u00e3o e de Atendimento as Pessoas com Surdez), no munic\u00edpio de Rio Branco.","indexacao":"","observacao":"","resultado":"","texto_original":"http://sapl.riobranco.ac.leg.br/media/sapl/public/materialegislativa/2019/163/anteprojeto_de_lei_no07-2019.pdf","data_ultima_atualizacao":"2019-04-10T13:41:56.098400-03:00","ip":"","ultima_edicao":null,"tipo":17,"regime_tramitacao":1,"tipo_origem_externa":null,"local_origem_externa":null,"user":null,"anexadas":[],"autores":[5]}