{"id":20373,"__str__":"Requerimento n\u00ba 7 de 2023","link_detail_backend":"/materia/20373","metadata":{},"numero":7,"ano":2023,"numero_protocolo":null,"data_apresentacao":"2023-02-14","tipo_apresentacao":"O","data_publicacao":null,"numero_origem_externa":"","ano_origem_externa":null,"data_origem_externa":null,"apelido":"","dias_prazo":null,"data_fim_prazo":null,"em_tramitacao":true,"polemica":false,"objeto":"","complementar":false,"ementa":"Requer Mo\u00e7\u00e3o de Aplausos ao ten. Cel. Claudio Falc\u00e3o pelo trabalho \u00e0 frente da Coordena\u00e7\u00e3o de Defesa Civil do Munic\u00edpio.","indexacao":"","observacao":"","resultado":"","texto_original":null,"data_ultima_atualizacao":"2023-02-15T11:11:54.139485-03:00","ip":"187.53.61.234","ultima_edicao":"2023-02-15T11:10:09.858100-03:00","tipo":3,"regime_tramitacao":1,"tipo_origem_externa":null,"local_origem_externa":null,"user":43,"anexadas":[],"autores":[89]}