{"id":21081,"__str__":"Projeto de Lei Ordin\u00e1ria n\u00ba 11 de 2023","link_detail_backend":"/materia/21081","metadata":{},"numero":11,"ano":2023,"numero_protocolo":1015,"data_apresentacao":"2023-04-04","tipo_apresentacao":"","data_publicacao":null,"numero_origem_externa":"","ano_origem_externa":null,"data_origem_externa":null,"apelido":"","dias_prazo":null,"data_fim_prazo":null,"em_tramitacao":false,"polemica":false,"objeto":"","complementar":false,"ementa":"Disp\u00f5e sobre a prioridade de adequa\u00e7\u00e3o na camada asf\u00e1ltica, passeio p\u00fablico e demais equipamentos urbanos p\u00fablicos, nas vias em que residam pessoas com defici\u00eancia ou mobilidade reduzida.","indexacao":"","observacao":"","resultado":"","texto_original":"http://sapl.riobranco.ac.leg.br/media/sapl/public/materialegislativa/2023/21081/projeto_de_lei.pdf","data_ultima_atualizacao":"2023-05-30T11:47:16.929950-03:00","ip":"","ultima_edicao":null,"tipo":1,"regime_tramitacao":1,"tipo_origem_externa":null,"local_origem_externa":null,"user":null,"anexadas":[],"autores":[86]}