{"id":21336,"__str__":"Projeto de Lei Ordin\u00e1ria n\u00ba 15 de 2023","link_detail_backend":"/materia/21336","metadata":{"signs":{"texto_original":{"admin":[],"autores":[["Joao Marcos de Souza da Luz",["2023-04-12T09:27:53-05:00","ICP-Brasil - Certificado PF A3"]]]}}},"numero":15,"ano":2023,"numero_protocolo":1256,"data_apresentacao":"2023-04-12","tipo_apresentacao":"","data_publicacao":null,"numero_origem_externa":"","ano_origem_externa":null,"data_origem_externa":null,"apelido":"","dias_prazo":null,"data_fim_prazo":null,"em_tramitacao":false,"polemica":false,"objeto":"","complementar":false,"ementa":"Disp\u00f5e sobre a instala\u00e7\u00e3o de c\u00e2meras de monitoramento de seguran\u00e7a nas creches p\u00fablicas municipais e escolas p\u00fablicas municipais","indexacao":"","observacao":"","resultado":"","texto_original":"http://sapl.riobranco.ac.leg.br/media/sapl/public/materialegislativa/2023/21336/pl_camera_de_seguranca_nas_escolas_municipais_-_jml_assinado.pdf","data_ultima_atualizacao":"2024-01-29T14:14:52.716329-03:00","ip":"","ultima_edicao":null,"tipo":1,"regime_tramitacao":1,"tipo_origem_externa":null,"local_origem_externa":null,"user":null,"anexadas":[],"autores":[36]}