{"id":21557,"__str__":"Projeto de Lei Ordin\u00e1ria n\u00ba 27 de 2023","link_detail_backend":"/materia/21557","metadata":{},"numero":27,"ano":2023,"numero_protocolo":1448,"data_apresentacao":"2023-05-15","tipo_apresentacao":"","data_publicacao":null,"numero_origem_externa":"","ano_origem_externa":null,"data_origem_externa":null,"apelido":"","dias_prazo":null,"data_fim_prazo":null,"em_tramitacao":false,"polemica":false,"objeto":"","complementar":false,"ementa":"Disp\u00f5e sobre a cria\u00e7\u00e3o da Pol\u00edtica Municipal de Sa\u00fade Funcional e sobre o uso da CIF - Classifica\u00e7\u00e3o Internacional de Funcionalidade, Incapacidade e Sa\u00fade no Munic\u00edpio de Rio Branco Acre e d\u00e1 outras provid\u00eancias.","indexacao":"","observacao":"","resultado":"","texto_original":"http://sapl.riobranco.ac.leg.br/media/sapl/public/materialegislativa/2023/21557/6o_projeto_de_lei-_saude_funcional_-_lene_queiroz.pdf","data_ultima_atualizacao":"2023-08-09T12:03:31.758158-03:00","ip":"187.53.61.234","ultima_edicao":"2023-07-13T18:23:36.981792-03:00","tipo":1,"regime_tramitacao":1,"tipo_origem_externa":null,"local_origem_externa":null,"user":43,"anexadas":[],"autores":[24]}