{"id":21805,"__str__":"Veto n\u00ba 12 de 2023","link_detail_backend":"/materia/21805","metadata":{},"numero":12,"ano":2023,"numero_protocolo":null,"data_apresentacao":"2023-05-30","tipo_apresentacao":"E","data_publicacao":null,"numero_origem_externa":"","ano_origem_externa":null,"data_origem_externa":null,"apelido":"","dias_prazo":null,"data_fim_prazo":null,"em_tramitacao":false,"polemica":false,"objeto":"","complementar":false,"ementa":"Veto Integral ao Projeto de Lei n\u00b0 11/2023, de autoria do Vereador F\u00e1bio Ara\u00fajo, o qual deu origem ao Aut\u00f3grafo n\u00ba 17/2023, que \u201cDisp\u00f5e sobre a prioridade de adequa\u00e7\u00e3o na camada asf\u00e1ltica, passeio p\u00fablico e demais equipamentos urbanos p\u00fablicos, nas vias em que residam pessoas com defici\u00eancia ou mobilidade reduzida\u201d.","indexacao":"","observacao":"","resultado":"","texto_original":"http://sapl.riobranco.ac.leg.br/media/sapl/public/materialegislativa/2023/21805/oficio_no_286-2023-assejur-gabpre.pdf","data_ultima_atualizacao":"2023-07-05T13:31:17.870214-03:00","ip":"187.53.61.234","ultima_edicao":"2023-05-30T11:02:36.880831-03:00","tipo":15,"regime_tramitacao":4,"tipo_origem_externa":null,"local_origem_externa":null,"user":44,"anexadas":[21081],"autores":[41]}