{"id":22208,"__str__":"Requerimento n\u00ba 76 de 2023","link_detail_backend":"/materia/22208","metadata":{},"numero":76,"ano":2023,"numero_protocolo":2036,"data_apresentacao":"2023-07-04","tipo_apresentacao":"","data_publicacao":null,"numero_origem_externa":"","ano_origem_externa":null,"data_origem_externa":null,"apelido":"","dias_prazo":null,"data_fim_prazo":null,"em_tramitacao":true,"polemica":false,"objeto":"","complementar":false,"ementa":"REQUERIMENTO N\u00ba _____ /2023\r\n\r\n\u00c0 Sua Excel\u00eancia\r\nRaimundo Nen\u00e9m\r\nPresidente da C\u00e2mara Municipal\r\n\r\ne\r\n\r\n\u00c0 Sua Excel\u00eancia\r\nTi\u00e3o Bocalom\r\nPrefeito de Rio Branco\r\n\r\n\r\nELZINHA MENDON\u00c7A (PSB), Vereadora de Rio Branco, nos termos regimentais, apresento requerimento no exerc\u00edcio do mandato.\r\nA Lei Federal 14.540/2023, sancionada pelo presidente Luiz In\u00e1cio Lula da Silva, instituiu o Programa de Preven\u00e7\u00e3o e Enfrentamento ao Ass\u00e9dio Sexual e demais Crimes contra a Dignidade Sexual e \u00e0 Viol\u00eancia Sexual no \u00e2mbito da administra\u00e7\u00e3o p\u00fablica, direta e indireta, federal, estadual, distrital e municipal, e determinou a elaborar\u00e3o a\u00e7\u00f5es e estrat\u00e9gias destinadas \u00e0 preven\u00e7\u00e3o e ao enfrentamento do ass\u00e9dio sexual e demais crimes contra a dignidade sexual e de todas as formas de viol\u00eancia sexual.\r\nSolicito ent\u00e3o receber, por escrito, em at\u00e9 10 (dez) dias, tanto do Poder Legislativo, quanto do Executivo, quais a\u00e7\u00f5es foram tomadas e quais est\u00e3o previstas para o cumprimento do referido comando legal.\r\nEste \u00e9 o requerimento que submeto aos demais Pares e pelo qual pe\u00e7o aprova\u00e7\u00e3o.\r\nRio Branco, 3 de julho de 2023.\r\n\r\n\r\n\r\n\r\n\r\nELZINHA MENDON\u00c7A\r\nVereadora - PSB","indexacao":"","observacao":"","resultado":"","texto_original":"http://sapl.riobranco.ac.leg.br/media/sapl/public/materialegislativa/2023/22208/indicacao_cumprimento_da_lei_federal.pdf","data_ultima_atualizacao":"2023-07-04T12:27:52.601319-03:00","ip":"","ultima_edicao":null,"tipo":3,"regime_tramitacao":1,"tipo_origem_externa":null,"local_origem_externa":null,"user":null,"anexadas":[],"autores":[2]}