{"id":22447,"__str__":"Indica\u00e7\u00e3o n\u00ba 2170 de 2023","link_detail_backend":"/materia/22447","metadata":{"signs":{"texto_original":{"admin":[],"autores":[["Francisco das Chagas Belo de Oliveira",["2023-06-29T00:10:28-05:00","ICP-Brasil - Certificado PF A3"]]]}}},"numero":2170,"ano":2023,"numero_protocolo":2248,"data_apresentacao":"2023-08-02","tipo_apresentacao":"","data_publicacao":null,"numero_origem_externa":"","ano_origem_externa":null,"data_origem_externa":null,"apelido":"","dias_prazo":null,"data_fim_prazo":null,"em_tramitacao":true,"polemica":false,"objeto":"","complementar":false,"ementa":"Servi\u00e7os de: recupera\u00e7\u00e3o da ponte que est\u00e1 quebrada, a ser no ramal da Pi\u00e7arreira, na regi\u00e3o do Benfica em Rio Branco.","indexacao":"","observacao":"","resultado":"","texto_original":"http://sapl.riobranco.ac.leg.br/media/sapl/public/materialegislativa/2023/22447/indicacao_no_108._ramal_da_picarreira._recuperacao_de_ponte._assinada.pdf","data_ultima_atualizacao":"2023-08-02T12:05:50.460473-03:00","ip":"","ultima_edicao":null,"tipo":8,"regime_tramitacao":1,"tipo_origem_externa":null,"local_origem_externa":null,"user":null,"anexadas":[],"autores":[87]}