{"id":22710,"__str__":"Indica\u00e7\u00e3o n\u00ba 2391 de 2023","link_detail_backend":"/materia/22710","metadata":{},"numero":2391,"ano":2023,"numero_protocolo":2483,"data_apresentacao":"2023-08-28","tipo_apresentacao":"","data_publicacao":null,"numero_origem_externa":"","ano_origem_externa":null,"data_origem_externa":null,"apelido":"","dias_prazo":null,"data_fim_prazo":null,"em_tramitacao":true,"polemica":false,"objeto":"","complementar":false,"ementa":"INDICA\u00c7\u00c3O n.\u00ba________/2023\u00a0\r\n\r\nA Vereadora que esta subscreve, conforme disposi\u00e7\u00f5es regimentais, solicita \u00e0 Mesa Diretora encaminhar ao senhor Prefeito Sebasti\u00e3o Bocalom, para providenciar, junto ao setor competente, a recupera\u00e7\u00e3o e pi\u00e7arramento do Ramal Aquiri, no Polo benfica, pois os moradores enfrentam problemas de estrutura e transporte, pois quando chove n\u00e3o entra nem \u00f4nibus, as motos ficam atoladas e as crian\u00e7as sem condi\u00e7\u00f5es de se locomover para as escolas.  \r\nSala de Sess\u00f5es \u201cEDMUNDO PINTO DE ALMEIDA NETO\u201d, 28 de Agosto de 2023.\r\n\r\n\r\n\r\n\r\n\r\n\r\n Elzinha Mendon\u00e7a\r\nVereadora PSB/AC","indexacao":"","observacao":"","resultado":"","texto_original":"http://sapl.riobranco.ac.leg.br/media/sapl/public/materialegislativa/2023/22710/indicacao_ramal_aquiri_polo_benfica.pdf","data_ultima_atualizacao":"2023-08-28T13:20:06.103450-03:00","ip":"","ultima_edicao":null,"tipo":8,"regime_tramitacao":1,"tipo_origem_externa":null,"local_origem_externa":null,"user":null,"anexadas":[],"autores":[2]}