{"id":23498,"__str__":"Indica\u00e7\u00e3o n\u00ba 3021 de 2023","link_detail_backend":"/materia/23498","metadata":{"signs":{"texto_original":{"admin":[],"autores":[["Nome do Assinante N\u00e3o Localizado.",["2023-10-31T09:36:12-05:00","Gabinete Samir Bestene"]]]}}},"numero":3021,"ano":2023,"numero_protocolo":3213,"data_apresentacao":"2023-10-31","tipo_apresentacao":"","data_publicacao":null,"numero_origem_externa":"","ano_origem_externa":null,"data_origem_externa":null,"apelido":"","dias_prazo":null,"data_fim_prazo":null,"em_tramitacao":true,"polemica":false,"objeto":"","complementar":false,"ementa":"Indica Servi\u00e7o de Ilumina\u00e7\u00e3o P\u00fablica - Ramal Jos\u00e9 Braga, localizado na Estrada do Quixad\u00e1.","indexacao":"","observacao":"","resultado":"","texto_original":"http://sapl.riobranco.ac.leg.br/media/sapl/public/materialegislativa/2023/23498/proposicao_2023_-_indica_servico_de_iluminacao_publica_-_ramal_jose_braga_localizado_na_estrada_do_quixada..pdf","data_ultima_atualizacao":"2023-12-01T12:45:02.020361-03:00","ip":"","ultima_edicao":null,"tipo":8,"regime_tramitacao":1,"tipo_origem_externa":null,"local_origem_externa":null,"user":null,"anexadas":[],"autores":[94]}