{"id":31189,"__str__":"Veto n\u00ba 3 de 2025","link_detail_backend":"/materia/31189","metadata":{},"numero":3,"ano":2025,"numero_protocolo":null,"data_apresentacao":"2025-04-24","tipo_apresentacao":"","data_publicacao":null,"numero_origem_externa":"","ano_origem_externa":null,"data_origem_externa":null,"apelido":"","dias_prazo":null,"data_fim_prazo":null,"em_tramitacao":false,"polemica":false,"objeto":"","complementar":false,"ementa":"Veto integral ao Projeto de Lei n.\u00ba 28/2025, que deu origem ao Aut\u00f3grafo n.\u00ba 17/20285, o qual \"Disp\u00f5e sobre a obrigatoriedade da inclus\u00e3o do s\u00edmbolo internacional do autismo nas placas de sinaliza\u00e7\u00e3o das vagas de estacionamento destinadas \u00e0s pessoas com defici\u00eancia, em locais p\u00fablicos e privados, e d\u00e1 outras provid\u00eancias.\"","indexacao":"","observacao":"","resultado":"","texto_original":"http://sapl.riobranco.ac.leg.br/media/sapl/public/materialegislativa/2025/31189/of-n189-veto_ao_pl28-2025.pdf","data_ultima_atualizacao":"2025-07-02T11:40:32.532611-03:00","ip":"187.53.61.234","ultima_edicao":"2025-05-06T12:48:15.504603-03:00","tipo":15,"regime_tramitacao":1,"tipo_origem_externa":null,"local_origem_externa":null,"user":53,"anexadas":[28876],"autores":[41]}