{"id":33215,"__str__":"Emenda n\u00ba 25 de 2025","link_detail_backend":"/materia/33215","metadata":{"signs":{"texto_original":{"admin":[],"autores":[["Jose Lopes Junior",["2025-06-05T21:44:08-05:00","ICP-Brasil"]]]}}},"numero":25,"ano":2025,"numero_protocolo":5257,"data_apresentacao":"2025-06-16","tipo_apresentacao":"","data_publicacao":null,"numero_origem_externa":"","ano_origem_externa":null,"data_origem_externa":null,"apelido":"","dias_prazo":null,"data_fim_prazo":null,"em_tramitacao":true,"polemica":false,"objeto":"","complementar":false,"ementa":"Acrescenta o Anexo de Prioridades e Metas para 2026, referente ao Fundo Municipal de Seguran\u00e7a P\u00fablica e Defesa Social \u2013 FUMSEG, no Projeto de Lei de Diretrizes Or\u00e7ament\u00e1rias do Munic\u00edpio de Rio Branco para o exerc\u00edcio de 2026.","indexacao":"","observacao":"","resultado":"","texto_original":"http://sapl.riobranco.ac.leg.br/media/sapl/public/materialegislativa/2025/33215/emenda_a_ldo_-_fumseg.pdf","data_ultima_atualizacao":"2025-06-16T12:21:51.811389-03:00","ip":"","ultima_edicao":null,"tipo":14,"regime_tramitacao":1,"tipo_origem_externa":null,"local_origem_externa":null,"user":null,"anexadas":[],"autores":[145]}