{"id":34312,"__str__":"Requerimento n\u00ba 196 de 2025","link_detail_backend":"/materia/34312","metadata":{},"numero":196,"ano":2025,"numero_protocolo":6336,"data_apresentacao":"2025-07-07","tipo_apresentacao":"","data_publicacao":null,"numero_origem_externa":"","ano_origem_externa":null,"data_origem_externa":null,"apelido":"","dias_prazo":null,"data_fim_prazo":null,"em_tramitacao":true,"polemica":false,"objeto":"","complementar":false,"ementa":"REQUER MO\u00c7\u00c3O DE PESAR AOS AMIGOS E FAMILIARES DE REGINALDO DA SILVA CORDEIRO, FALECIDO NO \u00daLTIMO DIA 28 DE JUNHO DE 2025.","indexacao":"","observacao":"","resultado":"","texto_original":"http://sapl.riobranco.ac.leg.br/media/sapl/public/materialegislativa/2025/34312/mocao_pesar_reginaldo_cordeiro.pdf","data_ultima_atualizacao":"2025-07-07T12:52:32.912225-03:00","ip":"187.53.61.234","ultima_edicao":"2025-07-07T12:52:32.792633-03:00","tipo":3,"regime_tramitacao":1,"tipo_origem_externa":null,"local_origem_externa":null,"user":43,"anexadas":[],"autores":[147]}