{"id":39215,"__str__":"Item n\u00ba 24 de 2025","link_detail_backend":"/materia/39215","metadata":{},"numero":24,"ano":2025,"numero_protocolo":null,"data_apresentacao":"2025-09-17","tipo_apresentacao":"","data_publicacao":null,"numero_origem_externa":"","ano_origem_externa":null,"data_origem_externa":null,"apelido":"","dias_prazo":null,"data_fim_prazo":null,"em_tramitacao":false,"polemica":false,"objeto":"","complementar":false,"ementa":"REDA\u00c7\u00c3O DADA PELA APROVA\u00c7\u00c3O DA EMENDA N\u00b0 30/2025, DE AUTORIA DO VEREADOR FELIPE TCH\u00ca.\r\n\r\nANEXO I - PRIORIDADES E METAS PARA 2026\r\nEIXO: GEST\u00c3O P\u00daBLICA MODERNA, INTEGRA E EFICIENTE\r\nPROGRAMA: GEST\u00c3O INTEGRADA DE RISCOS E RESILI\u00caNCIA CLIM\u00c1TICA\r\n\r\nitem vetado:\r\n\r\nA\u00c7\u00c3O N\u00b0 7: \"DESTINAR RECURSOS PARA A IMPLEMENTA\u00c7\u00c3O DO PLANO MUNICIPAL DE PREVEN\u00c7\u00c3O E COMBATE \u00c0S ENCHENTES E ALAGA\u00c7\u00d5ES\".","indexacao":"","observacao":"","resultado":"","texto_original":null,"data_ultima_atualizacao":"2025-11-12T11:19:17.884045-03:00","ip":"45.191.121.236","ultima_edicao":"2025-11-12T11:19:17.782326-03:00","tipo":36,"regime_tramitacao":1,"tipo_origem_externa":null,"local_origem_externa":null,"user":43,"anexadas":[],"autores":[41]}