{"id":39887,"__str__":"Emenda n\u00ba 168 de 2025","link_detail_backend":"/materia/39887","metadata":{},"numero":168,"ano":2025,"numero_protocolo":null,"data_apresentacao":"2025-12-04","tipo_apresentacao":"E","data_publicacao":null,"numero_origem_externa":"","ano_origem_externa":null,"data_origem_externa":null,"apelido":"","dias_prazo":null,"data_fim_prazo":null,"em_tramitacao":true,"polemica":false,"objeto":"","complementar":false,"ementa":"PROPOSTA DE EMENDA ADITIVAN\u00ba____ PROJETO DE LEI COMPLEMENTAR N\u00ba 19/2025 \u201cDISP\u00d5E SOBRE O PLANO PLURIANUAL DO MUNIC\u00cdPIO PARA O QUADRI\u00caNIO 2026- 2029 E D\u00c1 OUTRAS PROVID\u00caNCIAS\u201d.\r\n\r\nAtualiza-se o Anexo II, Eixo Estrat\u00e9gico IX:Gest\u00e3o P\u00fablica Moderna, \u00cdntegra e Eficiente; Programa 0905 \u2013 Rio Branco Mais Segura, para incluir a\u00e7\u00f5es e metas destinadas \u00e0 cria\u00e7\u00e3o e implementa\u00e7\u00e3o da Guarda Municipal de Rio Branco ao Projeto de Lei Complementar n\u00b0 19/2025.\r\n\r\nArt. 1\u00ba Fica acrescido ao Projeto de Lei Complementar n\u00b0 19/2025Eixo Estrat\u00e9gico IX: Gest\u00e3o P\u00fablica Moderna, \u00cdntegra e Eficiente; Programa 0905 \u2013 Rio Branco Mais Segura, para incluir a\u00e7\u00f5es e metas destinadas \u00e0 cria\u00e7\u00e3o e implementa\u00e7\u00e3o da Guarda Municipal de Rio Branco ao \r\n\r\nANEXO II\r\nEixo Estrat\u00e9gico: Gest\u00e3o P\u00fablica Moderna, \u00cdntegra e Eficiente\r\nPrograma: Programa 0905 \u2013 Rio Branco Mais Segura\r\nObjetivo: Planejar, estruturar e iniciar a implementa\u00e7\u00e3o da Guarda Municipal de Rio Branco, fortalecendo as a\u00e7\u00f5es de prote\u00e7\u00e3o do patrim\u00f4nio p\u00fablico, seguran\u00e7a ur","indexacao":"","observacao":"","resultado":"","texto_original":"http://sapl.riobranco.ac.leg.br/media/sapl/public/materialegislativa/2025/39887/emenda_n_168-2025-_samir_bestene_-_ppa.pdf","data_ultima_atualizacao":"2025-12-04T15:54:37.900240-03:00","ip":"45.191.123.96","ultima_edicao":"2025-12-04T15:54:37.731843-03:00","tipo":14,"regime_tramitacao":1,"tipo_origem_externa":null,"local_origem_externa":null,"user":43,"anexadas":[],"autores":[94]}