{"id":40488,"__str__":"Emenda n\u00ba 209 de 2025","link_detail_backend":"/materia/40488","metadata":{},"numero":209,"ano":2025,"numero_protocolo":null,"data_apresentacao":"2025-12-11","tipo_apresentacao":"O","data_publicacao":null,"numero_origem_externa":"","ano_origem_externa":null,"data_origem_externa":null,"apelido":"","dias_prazo":null,"data_fim_prazo":null,"em_tramitacao":true,"polemica":false,"objeto":"","complementar":false,"ementa":"6\u00aa EMENDA\r\n\r\nEMENDA\r\nAltera\u00e7\u00e3o do texto (Ter\u00e3o prioridade) para (Ser\u00e1 Garantido).\r\nSer\u00e1 Garantido na loca\u00e7\u00e3o dos espa\u00e7os nos mercados e espa\u00e7os de com\u00e9rcio, \u00e0queles que, anteriormente, \u00e0 celebra\u00e7\u00e3o da concess\u00e3o administrativa j\u00e1 eram titulares de concess\u00e3o de uso v\u00e1lida no mesmo bem p\u00fablico objeto da outorga.","indexacao":"","observacao":"","resultado":"","texto_original":null,"data_ultima_atualizacao":"2025-12-16T13:32:03.965652-03:00","ip":"45.191.123.45","ultima_edicao":"2025-12-16T13:30:32.635792-03:00","tipo":14,"regime_tramitacao":1,"tipo_origem_externa":null,"local_origem_externa":null,"user":43,"anexadas":[],"autores":[86]}