{"id":4241,"__str__":"Indica\u00e7\u00e3o n\u00ba 571 de 2021","link_detail_backend":"/materia/4241","metadata":{},"numero":571,"ano":2021,"numero_protocolo":601,"data_apresentacao":"2021-03-12","tipo_apresentacao":"","data_publicacao":null,"numero_origem_externa":"","ano_origem_externa":null,"data_origem_externa":null,"apelido":"","dias_prazo":null,"data_fim_prazo":null,"em_tramitacao":true,"polemica":false,"objeto":"","complementar":false,"ementa":"Indica realiza\u00e7\u00e3o de campanha massiva e urgente de esclarecimento e mobiliza\u00e7\u00e3o da popula\u00e7\u00e3o de Rio Branco para a import\u00e2ncia do uso de M\u00e1scaras como fator fundamental para a prote\u00e7\u00e3o contra a contamina\u00e7\u00e3o da Covid-19 em nosso Munic\u00edpio.","indexacao":"","observacao":"","resultado":"","texto_original":"http://sapl.riobranco.ac.leg.br/media/sapl/public/materialegislativa/2021/4241/indicacao_-_campanha_e_mobilizacao_para_uso_de_mascaras_com_assinatura_vereador_raimundo_castro.pdf","data_ultima_atualizacao":"2021-08-20T14:01:38.386444-03:00","ip":"","ultima_edicao":null,"tipo":8,"regime_tramitacao":1,"tipo_origem_externa":null,"local_origem_externa":null,"user":null,"anexadas":[],"autores":[24]}