{"id":496,"__str__":"Requerimento n\u00ba 142 de 2019","link_detail_backend":"/materia/496","metadata":{},"numero":142,"ano":2019,"numero_protocolo":null,"data_apresentacao":"2019-09-18","tipo_apresentacao":"O","data_publicacao":null,"numero_origem_externa":"","ano_origem_externa":null,"data_origem_externa":null,"apelido":"","dias_prazo":null,"data_fim_prazo":null,"em_tramitacao":false,"polemica":null,"objeto":"","complementar":null,"ementa":"Requer realiza\u00e7\u00e3o de Ato Solene no dia 03 de outubro em alus\u00e3o ao Dia Mundial do Alzheimer, comemorado anualmente dia 21 de setembro.","indexacao":"","observacao":"","resultado":"","texto_original":"http://sapl.riobranco.ac.leg.br/media/sapl/public/materialegislativa/2019/496/requerimento_no_142-2019.pdf","data_ultima_atualizacao":"2019-09-19T11:39:01.399226-03:00","ip":"189.42.115.226","ultima_edicao":null,"tipo":3,"regime_tramitacao":1,"tipo_origem_externa":null,"local_origem_externa":null,"user":44,"anexadas":[],"autores":[24]}