{"id":608,"__str__":"Requerimento n\u00ba 176 de 2019","link_detail_backend":"/materia/608","metadata":{},"numero":176,"ano":2019,"numero_protocolo":null,"data_apresentacao":"2019-11-05","tipo_apresentacao":"O","data_publicacao":null,"numero_origem_externa":"","ano_origem_externa":null,"data_origem_externa":null,"apelido":"","dias_prazo":null,"data_fim_prazo":null,"em_tramitacao":false,"polemica":null,"objeto":"","complementar":null,"ementa":"Solicita Sess\u00e3o Solene em alus\u00e3o ao Dia do Conselheiro Tutelar, que acontecer\u00e1 njo dia 18 de outubro no Plen\u00e1rio da C\u00e2mara Municipal. Em tal ocasi\u00e3o ser\u00e3o entregues mo\u00e7\u00f5es.","indexacao":"","observacao":"","resultado":"","texto_original":null,"data_ultima_atualizacao":"2019-11-06T12:31:42.529322-03:00","ip":"189.42.115.226","ultima_edicao":null,"tipo":3,"regime_tramitacao":1,"tipo_origem_externa":null,"local_origem_externa":null,"user":44,"anexadas":[],"autores":[19]}